{"id":2442,"global_id":"akti.ch\/fr?id=2442","global_id_lineage":["akti.ch\/fr?id=2442"],"author":"6","status":"publish","date":"2024-03-28 21:17:33","date_utc":"2024-03-28 20:17:33","modified":"2024-03-28 22:09:45","modified_utc":"2024-03-28 21:09:45","url":"https:\/\/akti.ch\/fr\/event\/anoichto-kalesma-gia-dimioyrgia-leschis-anagnosis","rest_url":"https:\/\/akti.ch\/fr\/wp-json\/tribe\/events\/v1\/events\/2442","title":"Premi\u00e8re Rencontre du Club de Lecture","description":"<p>Nous avons le plaisir de vous inviter pour la premi\u00e8re rencontre du futur club de lecture de notre association !<\/p>\n<p>Dans un premier temps, un livre en grec sera choisi et lu par les personnes int\u00e9ress\u00e9es pendant une p\u00e9riode d&rsquo;environ 3 mois. A la fin de cette p\u00e9riode, une s\u00e9ance sera organis\u00e9e pendant laquelle les membres du club de lecture auront la possiblit\u00e9 d&rsquo;\u00e9changer autour du livre.<\/p>","excerpt":"","slug":"anoichto-kalesma-gia-dimioyrgia-leschis-anagnosis","image":{"url":"https:\/\/akti.ch\/wp-content\/uploads\/2024\/03\/Lesxi-anagnosis-akti.jpg","id":2418,"extension":"jpg","width":1506,"height":1010,"filesize":165225,"sizes":{"medium":{"width":300,"height":201,"mime-type":"image\/jpeg","filesize":16553,"url":"https:\/\/akti.ch\/wp-content\/uploads\/2024\/03\/Lesxi-anagnosis-akti-300x201.jpg"},"large":{"width":1024,"height":687,"mime-type":"image\/jpeg","filesize":96427,"url":"https:\/\/akti.ch\/wp-content\/uploads\/2024\/03\/Lesxi-anagnosis-akti-1024x687.jpg"},"thumbnail":{"width":150,"height":150,"mime-type":"image\/jpeg","filesize":8434,"url":"https:\/\/akti.ch\/wp-content\/uploads\/2024\/03\/Lesxi-anagnosis-akti-150x150.jpg"},"medium_large":{"width":768,"height":515,"mime-type":"image\/jpeg","filesize":63248,"url":"https:\/\/akti.ch\/wp-content\/uploads\/2024\/03\/Lesxi-anagnosis-akti-768x515.jpg"},"magbook-featured-image":{"width":700,"height":496,"mime-type":"image\/jpeg","filesize":56602,"url":"https:\/\/akti.ch\/wp-content\/uploads\/2024\/03\/Lesxi-anagnosis-akti-700x496.jpg"},"magbook-featured-blog":{"width":820,"height":480,"mime-type":"image\/jpeg","filesize":62302,"url":"https:\/\/akti.ch\/wp-content\/uploads\/2024\/03\/Lesxi-anagnosis-akti-820x480.jpg"}}},"all_day":false,"start_date":"2024-04-20 16:00:00","start_date_details":{"year":"2024","month":"04","day":"20","hour":"16","minutes":"00","seconds":"00"},"end_date":"2024-04-20 17:00:00","end_date_details":{"year":"2024","month":"04","day":"20","hour":"17","minutes":"00","seconds":"00"},"utc_start_date":"2024-04-20 14:00:00","utc_start_date_details":{"year":"2024","month":"04","day":"20","hour":"14","minutes":"00","seconds":"00"},"utc_end_date":"2024-04-20 15:00:00","utc_end_date_details":{"year":"2024","month":"04","day":"20","hour":"15","minutes":"00","seconds":"00"},"timezone":"Europe\/Zurich","timezone_abbr":"CEST","cost":"","cost_details":{"currency_symbol":"","currency_code":"","currency_position":"prefix","values":[]},"website":"","show_map":true,"show_map_link":true,"hide_from_listings":false,"sticky":false,"featured":false,"categories":[{"name":"Ev\u00e9nements d&#039;Akti","slug":"evenements-akti","term_group":0,"term_taxonomy_id":31,"taxonomy":"tribe_events_cat","description":"","parent":0,"count":169,"filter":"raw","id":31,"urls":{"self":"https:\/\/akti.ch\/fr\/wp-json\/tribe\/events\/v1\/categories\/31","collection":"https:\/\/akti.ch\/fr\/wp-json\/tribe\/events\/v1\/categories"}}],"tags":[],"venue":{"id":599,"author":"2","status":"publish","date":"2020-10-30 23:09:26","date_utc":"2020-10-30 22:09:26","modified":"2021-06-02 11:46:25","modified_utc":"2021-06-02 09:46:25","url":"https:\/\/akti.ch\/lieu\/599","venue":"Maison de Quartier de la Redoute","description":"<p><strong>\u03a0\u03c1\u03cc\u03c3\u03b2\u03b1\u03c3\u03b7 \u03bc\u03b5 \u03b1\u03c5\u03c4\u03bf\u03ba\u03af\u03bd\u03b7\u03c4\u03bf:<\/strong><\/p>\n<p>\u039c\u03c0\u03bf\u03c1\u03b5\u03af\u03c4\u03b5 \u03bd\u03b1 \u03c0\u03b1\u03c1\u03ba\u03ac\u03c1\u03b5\u03c4\u03b5 \u03bc\u03c0\u03c1\u03bf\u03c3\u03c4\u03ac \u03b1\u03c0\u03cc \u03c4\u03b1 \u03ba\u03c4\u03ae\u03c1\u03b9\u03b1 \u03c3\u03c4\u03bf Fondation Esp&rsquo;Asse \u03ba\u03b1\u03b9 \u03c3\u03c4\u03b7 \u03c3\u03c5\u03bd\u03ad\u03c7\u03b5\u03b9\u03b1 \u03bd\u03b1 \u03c0\u03b5\u03c1\u03c0\u03b1\u03c4\u03ae\u03c3\u03b5\u03c4\u03b5 500\u03bc \u03c3\u03cd\u03bc\u03c6\u03c9\u03bd\u03b1 \u03bc\u03b5 \u03c4\u03bf\u03bd \u03c0\u03b1\u03c1\u03b1\u03ba\u03ac\u03c4\u03c9 \u03c7\u03ac\u03c1\u03c4\u03b7:<\/p>\n<p><img loading=\"lazy\" decoding=\"async\" class=\"alignnone size-full wp-image-468\" src=\"https:\/\/akti.ch\/wp-content\/uploads\/2020\/10\/Local-des-associations.jpg\" alt=\"\" width=\"1152\" height=\"867\" srcset=\"https:\/\/akti.ch\/wp-content\/uploads\/2020\/10\/Local-des-associations.jpg 1152w, https:\/\/akti.ch\/wp-content\/uploads\/2020\/10\/Local-des-associations-300x226.jpg 300w, https:\/\/akti.ch\/wp-content\/uploads\/2020\/10\/Local-des-associations-1024x771.jpg 1024w, https:\/\/akti.ch\/wp-content\/uploads\/2020\/10\/Local-des-associations-768x578.jpg 768w\" sizes=\"auto, (max-width: 1152px) 100vw, 1152px\" \/><\/p>\n<p><strong>\u03a0\u03c1\u03cc\u03c3\u03b2\u03b1\u03c3\u03b7 \u03bc\u03b5 \u03bb\u03b5\u03c9\u03c6\u03bf\u03c1\u03b5\u03af\u03bf:\u00a0<\/strong><\/p>\n<p>\u039c\u03b5 \u03c4\u03bf \u03bb\u03b5\u03c9\u03c6\u03bf\u03c1\u03b5\u03af\u03bf 805 \u03bc\u03c0\u03bf\u03c1\u03b5\u03af\u03c4\u03b5 \u03bd\u03b1 \u03ba\u03b1\u03c4\u03b5\u03b2\u03b5\u03af\u03c4\u03b5 \u03c3\u03c4\u03b7 \u03c3\u03c4\u03ac\u03c3\u03b7 Nyon, La Redoute \u03b5\u03c1\u03c7\u03cc\u03bc\u03b5\u03bd\u03bf\u03b9 \u03b5\u03af\u03c4\u03b5 \u03b1\u03c0\u03cc \u03c4\u03bf \u03c3\u03c4\u03b1\u03b8\u03bc\u03cc \u03c4\u03b7\u03c2 Nyon \u03b5\u03af\u03c4\u03b5 \u03b1\u03c0\u03cc \u03c4\u03bf Prangins. \u0395\u03bd\u03b1\u03bb\u03bb\u03b1\u03ba\u03c4\u03b9\u03ba\u03ac, \u03bc\u03c0\u03bf\u03c1\u03b5\u03af\u03c4\u03b5 \u03bd\u03b1 \u03ad\u03c1\u03b8\u03b5\u03c4\u03b5 \u03bc\u03b5 \u03c4\u03bf \u03bb\u03b5\u03c9\u03c6\u03bf\u03c1\u03b5\u03af\u03bf 804 \u03c9\u03c2 \u03c4\u03b7\u03c2 \u03c3\u03c4\u03ac\u03c3\u03b7 Nyon, Chantemerle \u03ba\u03b1\u03b9 \u03bd\u03b1 \u03c0\u03b5\u03c1\u03c0\u03b1\u03c4\u03ae\u03c3\u03b5\u03c4\u03b5 400\u03bc \u03c3\u03cd\u03bc\u03c6\u03c9\u03bd\u03b1 \u03bc\u03b5 \u03c4\u03bf\u03bd \u03c0\u03b1\u03c1\u03b1\u03ba\u03ac\u03c4\u03c9 \u03c7\u03ac\u03c1\u03c4\u03b7:<\/p>\n<p><img loading=\"lazy\" decoding=\"async\" class=\"alignnone size-full wp-image-471\" src=\"https:\/\/akti.ch\/wp-content\/uploads\/2020\/10\/Chantemerle.jpg\" alt=\"\" width=\"1449\" height=\"868\" srcset=\"https:\/\/akti.ch\/wp-content\/uploads\/2020\/10\/Chantemerle.jpg 1449w, https:\/\/akti.ch\/wp-content\/uploads\/2020\/10\/Chantemerle-300x180.jpg 300w, https:\/\/akti.ch\/wp-content\/uploads\/2020\/10\/Chantemerle-1024x613.jpg 1024w, https:\/\/akti.ch\/wp-content\/uploads\/2020\/10\/Chantemerle-768x460.jpg 768w\" sizes=\"auto, (max-width: 1449px) 100vw, 1449px\" \/><\/p>\n<p><strong>Maison de Quartier de la Redoute:<\/strong><\/p>\n<p>\u0398\u03b1 \u03ba\u03b1\u03c4\u03b1\u03bb\u03ac\u03b2\u03b5\u03c4\u03b5 \u03cc\u03c4\u03b9 \u03c6\u03c4\u03ac\u03c3\u03b1\u03c4\u03b5 \u03cc\u03c4\u03b1\u03bd \u03b4\u03b5\u03af\u03c4\u03b5 \u03c4\u03bf \u03c0\u03b1\u03c1\u03b1\u03ba\u03ac\u03c4\u03c9 \u03c3\u03ae\u03bc\u03b1 \u03ae \u03c4\u03b7\u03bd \u03c0\u03c1\u03cc\u03c3\u03bf\u03c8\u03b7 \u03c4\u03bf\u03c5 \u03ba\u03c4\u03b7\u03c1\u03af\u03bf\u03c5 \u03bc\u03b5 \u03c4\u03b7\u03bd \u03b5\u03c0\u03b9\u03b3\u03c1\u03b1\u03c6\u03ae:<\/p>\n<p><img loading=\"lazy\" decoding=\"async\" class=\"alignnone size-full wp-image-469\" src=\"https:\/\/akti.ch\/wp-content\/uploads\/2020\/10\/IMG_20201009_170801.jpg\" alt=\"\" width=\"1600\" height=\"1200\" srcset=\"https:\/\/akti.ch\/wp-content\/uploads\/2020\/10\/IMG_20201009_170801.jpg 1600w, https:\/\/akti.ch\/wp-content\/uploads\/2020\/10\/IMG_20201009_170801-300x225.jpg 300w, https:\/\/akti.ch\/wp-content\/uploads\/2020\/10\/IMG_20201009_170801-1024x768.jpg 1024w, https:\/\/akti.ch\/wp-content\/uploads\/2020\/10\/IMG_20201009_170801-768x576.jpg 768w, https:\/\/akti.ch\/wp-content\/uploads\/2020\/10\/IMG_20201009_170801-1536x1152.jpg 1536w\" sizes=\"auto, (max-width: 1600px) 100vw, 1600px\" \/><\/p>\n<p><img loading=\"lazy\" decoding=\"async\" class=\"alignnone size-full wp-image-470\" src=\"https:\/\/akti.ch\/wp-content\/uploads\/2020\/10\/IMG_20201009_170818.jpg\" alt=\"\" width=\"1600\" height=\"1200\" srcset=\"https:\/\/akti.ch\/wp-content\/uploads\/2020\/10\/IMG_20201009_170818.jpg 1600w, https:\/\/akti.ch\/wp-content\/uploads\/2020\/10\/IMG_20201009_170818-300x225.jpg 300w, https:\/\/akti.ch\/wp-content\/uploads\/2020\/10\/IMG_20201009_170818-1024x768.jpg 1024w, https:\/\/akti.ch\/wp-content\/uploads\/2020\/10\/IMG_20201009_170818-768x576.jpg 768w, https:\/\/akti.ch\/wp-content\/uploads\/2020\/10\/IMG_20201009_170818-1536x1152.jpg 1536w\" sizes=\"auto, (max-width: 1600px) 100vw, 1600px\" \/><\/p>","slug":"599","address":"Chemin de la Redoute 12","city":"Nyon","country":"Switzerland","zip":"1260","json_ld":{"@type":"Place","name":"Maison de Quartier de la Redoute","description":"&lt;p&gt;\u03a0\u03c1\u03cc\u03c3\u03b2\u03b1\u03c3\u03b7 \u03bc\u03b5 \u03b1\u03c5\u03c4\u03bf\u03ba\u03af\u03bd\u03b7\u03c4\u03bf: \u039c\u03c0\u03bf\u03c1\u03b5\u03af\u03c4\u03b5 \u03bd\u03b1 \u03c0\u03b1\u03c1\u03ba\u03ac\u03c1\u03b5\u03c4\u03b5 \u03bc\u03c0\u03c1\u03bf\u03c3\u03c4\u03ac \u03b1\u03c0\u03cc \u03c4\u03b1 \u03ba\u03c4\u03ae\u03c1\u03b9\u03b1 \u03c3\u03c4\u03bf Fondation Esp\\'Asse \u03ba\u03b1\u03b9 \u03c3\u03c4\u03b7 \u03c3\u03c5\u03bd\u03ad\u03c7\u03b5\u03b9\u03b1 \u03bd\u03b1 \u03c0\u03b5\u03c1\u03c0\u03b1\u03c4\u03ae\u03c3\u03b5\u03c4\u03b5 500\u03bc \u03c3\u03cd\u03bc\u03c6\u03c9\u03bd\u03b1 \u03bc\u03b5 \u03c4\u03bf\u03bd \u03c0\u03b1\u03c1\u03b1\u03ba\u03ac\u03c4\u03c9 \u03c7\u03ac\u03c1\u03c4\u03b7: \u03a0\u03c1\u03cc\u03c3\u03b2\u03b1\u03c3\u03b7&hellip; &lt;\/p&gt;\\n","url":"","address":{"@type":"PostalAddress","streetAddress":"Chemin de la Redoute 12","addressLocality":"Nyon","postalCode":"1260","addressCountry":"Switzerland"},"telephone":"","sameAs":""},"show_map":true,"show_map_link":true,"global_id":"akti.ch\/fr?id=599","global_id_lineage":["akti.ch\/fr?id=599"]},"organizer":[{"id":1146,"author":"6","status":"publish","date":"2022-02-04 15:48:03","date_utc":"2022-02-04 14:48:03","modified":"2025-12-16 11:46:09","modified_utc":"2025-12-16 10:46:09","url":"https:\/\/akti.ch\/fr\/organisateur\/ahph-akti","organizer":"Association d&rsquo;Hell\u00e8nes et de Philhell\u00e8nes Akti","slug":"ahph-akti","website":"https:\/\/akti.ch","email":"info@akti.ch","json_ld":{"@type":"Person","name":"Association d&rsquo;Hell\u00e8nes et de Philhell\u00e8nes Akti","description":"","url":"https:\/\/akti.ch","telephone":"","email":"&#105;n&#102;o&#64;&#97;&#107;ti.&#99;&#104;","sameAs":"https:\/\/akti.ch"},"global_id":"akti.ch\/fr?id=1146","global_id_lineage":["akti.ch\/fr?id=1146"]}],"custom_fields":[],"json_ld":{"@context":"http:\/\/schema.org","@type":"Event","name":"Premi\u00e8re Rencontre du Club de Lecture","description":"&lt;p&gt;Nous avons le plaisir de vous inviter pour la premi\u00e8re rencontre du futur club de lecture de notre association ! Dans un premier temps, un&hellip; &lt;\/p&gt;\\n","image":"https:\/\/akti.ch\/wp-content\/uploads\/2024\/03\/Lesxi-anagnosis-akti.jpg","url":"https:\/\/akti.ch\/fr\/event\/anoichto-kalesma-gia-dimioyrgia-leschis-anagnosis\/","eventAttendanceMode":"https:\/\/schema.org\/OfflineEventAttendanceMode","eventStatus":"https:\/\/schema.org\/EventScheduled","startDate":"2024-04-20T16:00:00+02:00","endDate":"2024-04-20T17:00:00+02:00","location":{"@type":"Place","name":"Maison de Quartier de la Redoute","description":"&lt;p&gt;\u03a0\u03c1\u03cc\u03c3\u03b2\u03b1\u03c3\u03b7 \u03bc\u03b5 \u03b1\u03c5\u03c4\u03bf\u03ba\u03af\u03bd\u03b7\u03c4\u03bf: \u039c\u03c0\u03bf\u03c1\u03b5\u03af\u03c4\u03b5 \u03bd\u03b1 \u03c0\u03b1\u03c1\u03ba\u03ac\u03c1\u03b5\u03c4\u03b5 \u03bc\u03c0\u03c1\u03bf\u03c3\u03c4\u03ac \u03b1\u03c0\u03cc \u03c4\u03b1 \u03ba\u03c4\u03ae\u03c1\u03b9\u03b1 \u03c3\u03c4\u03bf Fondation Esp\\'Asse \u03ba\u03b1\u03b9 \u03c3\u03c4\u03b7 \u03c3\u03c5\u03bd\u03ad\u03c7\u03b5\u03b9\u03b1 \u03bd\u03b1 \u03c0\u03b5\u03c1\u03c0\u03b1\u03c4\u03ae\u03c3\u03b5\u03c4\u03b5 500\u03bc \u03c3\u03cd\u03bc\u03c6\u03c9\u03bd\u03b1 \u03bc\u03b5 \u03c4\u03bf\u03bd \u03c0\u03b1\u03c1\u03b1\u03ba\u03ac\u03c4\u03c9 \u03c7\u03ac\u03c1\u03c4\u03b7: \u03a0\u03c1\u03cc\u03c3\u03b2\u03b1\u03c3\u03b7&hellip; &lt;\/p&gt;\\n","url":"","address":{"@type":"PostalAddress","streetAddress":"Chemin de la Redoute 12","addressLocality":"Nyon","postalCode":"1260","addressCountry":"Switzerland"},"telephone":"","sameAs":""},"organizer":{"@type":"Person","name":"Association d&rsquo;Hell\u00e8nes et de Philhell\u00e8nes Akti","description":"","url":"https:\/\/akti.ch","telephone":"","email":"i&#110;&#102;&#111;&#64;&#97;&#107;&#116;&#105;&#46;c&#104;","sameAs":"https:\/\/akti.ch"},"performer":"Organization"}}