{"id":1484,"date":"2022-05-07T17:31:26","date_gmt":"2022-05-07T15:31:26","guid":{"rendered":"https:\/\/akti.ch\/?p=1484"},"modified":"2022-05-07T17:31:26","modified_gmt":"2022-05-07T15:31:26","slug":"convocation-a-l-assemblee-generale-ordinaire-2022","status":"publish","type":"post","link":"https:\/\/akti.ch\/fr\/archives\/1484","title":{"rendered":"Convocation \u00e0 l\u2019Assembl\u00e9e G\u00e9n\u00e9rale ordinaire 2022"},"content":{"rendered":"<p>Chers membres,<\/p>\n<p>Nous avons le plaisir de vous convoquer \u00e0 l\u2019Assembl\u00e9e G\u00e9n\u00e9rale ordinaire 2022 de notre association qui aura lieu <strong>le dimanche 22 mai 2022 \u00e0 16h00<\/strong> \u00e0 la Maison de Quartier de la Redoute (Chemin de la Redoute 12, 1260 Nyon).<\/p>\n<p>Vous trouverez en annexe tous les documents relatifs \u00e0 cette AG. <strong>La s\u00e9ance serra suivie d\u2019un verre de l\u2019amiti\u00e9 au m\u00eame local<\/strong>.<\/p>\n<p>Nous esp\u00e9rons vous rencontrer \u00e0 cette occasion!<\/p>\n<p>Cordialement,<br \/>\nLe comit\u00e9 de l\u2019AHPh-Akti<\/p>\n<p><u>Documents AG:<\/u><\/p>\n<ol>\n<li><a href=\"https:\/\/akti.ch\/wp-content\/uploads\/2022\/05\/Ordre-du-jour-AG-2022.pdf\" target=\"_blank\" rel=\"noopener\">Ordre du jour AG 2022<\/a><\/li>\n<li><a href=\"https:\/\/akti.ch\/wp-content\/uploads\/2022\/05\/PV-AG-2021.pdf\" target=\"_blank\" rel=\"noopener\">PV de l&rsquo;AG<\/a> du 26 septembre 2021<\/li>\n<li>Rapport des comptes 2021 (<a href=\"https:\/\/akti.ch\/wp-content\/uploads\/2022\/05\/Bilan-Akti-2021.pdf\" target=\"_blank\" rel=\"noopener\">bilan<\/a> et <a href=\"https:\/\/akti.ch\/wp-content\/uploads\/2022\/05\/Compte-PP-Akti-2021.pdf\" target=\"_blank\" rel=\"noopener\">compte de pertes et profits<\/a>)<\/li>\n<li><a href=\"https:\/\/akti.ch\/fr\/event\/synantisi-aktis-06-06-2021\" target=\"_blank\" rel=\"noopener\">Instructions concernant l&rsquo;acc\u00e8s<\/a> au local de l\u2019AG<\/li>\n<\/ol>\n","protected":false},"excerpt":{"rendered":"<p>Chers membres, Nous avons le plaisir de vous convoquer \u00e0 l\u2019Assembl\u00e9e G\u00e9n\u00e9rale ordinaire 2022 de notre association qui aura lieu le dimanche 22 mai 2022&hellip; <\/p>\n","protected":false},"author":6,"featured_media":881,"comment_status":"open","ping_status":"open","sticky":false,"template":"","format":"standard","meta":{"_jetpack_memberships_contains_paid_content":false,"footnotes":""},"categories":[1],"tags":[],"class_list":["post-1484","post","type-post","status-publish","format-standard","has-post-thumbnail","hentry","category-1"],"jetpack_featured_media_url":"https:\/\/akti.ch\/wp-content\/uploads\/2021\/08\/AG.jpg","jetpack_sharing_enabled":true,"_links":{"self":[{"href":"https:\/\/akti.ch\/fr\/wp-json\/wp\/v2\/posts\/1484","targetHints":{"allow":["GET"]}}],"collection":[{"href":"https:\/\/akti.ch\/fr\/wp-json\/wp\/v2\/posts"}],"about":[{"href":"https:\/\/akti.ch\/fr\/wp-json\/wp\/v2\/types\/post"}],"author":[{"embeddable":true,"href":"https:\/\/akti.ch\/fr\/wp-json\/wp\/v2\/users\/6"}],"replies":[{"embeddable":true,"href":"https:\/\/akti.ch\/fr\/wp-json\/wp\/v2\/comments?post=1484"}],"version-history":[{"count":1,"href":"https:\/\/akti.ch\/fr\/wp-json\/wp\/v2\/posts\/1484\/revisions"}],"predecessor-version":[{"id":1499,"href":"https:\/\/akti.ch\/fr\/wp-json\/wp\/v2\/posts\/1484\/revisions\/1499"}],"wp:featuredmedia":[{"embeddable":true,"href":"https:\/\/akti.ch\/fr\/wp-json\/wp\/v2\/media\/881"}],"wp:attachment":[{"href":"https:\/\/akti.ch\/fr\/wp-json\/wp\/v2\/media?parent=1484"}],"wp:term":[{"taxonomy":"category","embeddable":true,"href":"https:\/\/akti.ch\/fr\/wp-json\/wp\/v2\/categories?post=1484"},{"taxonomy":"post_tag","embeddable":true,"href":"https:\/\/akti.ch\/fr\/wp-json\/wp\/v2\/tags?post=1484"}],"curies":[{"name":"wp","href":"https:\/\/api.w.org\/{rel}","templated":true}]}}