{"id":2467,"date":"2024-05-22T22:12:18","date_gmt":"2024-05-22T20:12:18","guid":{"rendered":"https:\/\/akti.ch\/?p=2467"},"modified":"2024-05-22T22:45:29","modified_gmt":"2024-05-22T20:45:29","slug":"fete-de-l-interculturelle-2024","status":"publish","type":"post","link":"https:\/\/akti.ch\/fr\/archives\/2467","title":{"rendered":"F\u00eate de l\u2019Interculturelle 2024"},"content":{"rendered":"<p>Notre association participe \u00e0 la\u00a0<strong>19\u00e8me F\u00eate de l\u2019Interculturelle<\/strong>\u00a0qui aura lieu\u00a0<strong>le dimanche 26 mai 2024<\/strong>\u00a0\u00e0 la Rive de Nyon !<\/p>\n<p><strong>A partir de 11h30<\/strong>, nous serons au stand de cuisine grecque (voir menu en bas de page), \u00e0 c\u00f4t\u00e9 des autres associations culturelles qui participent \u00e0 la f\u00eate (Italie, Portugal, Br\u00e9sil, Albanie\/Kossovo).<\/p>\n<p>Plus tard,\u00a0<strong>\u00e0 13h45 environ<\/strong>, notre\u00a0<strong>groupe de danses grecques<\/strong>\u00a0va pr\u00e9senter de danses traditionnelles grecques pendant environ 20\u2032-30\u2032.<\/p>\n<p>Nous vous attendons nombreux pour cette belle occasion !<\/p>\n<p><img loading=\"lazy\" decoding=\"async\" class=\"size-full wp-image-2453 aligncenter\" src=\"https:\/\/akti.ch\/wp-content\/uploads\/2024\/01\/Menu_Interculturelle_2024.jpg\" alt=\"\" width=\"578\" height=\"763\" srcset=\"https:\/\/akti.ch\/wp-content\/uploads\/2024\/01\/Menu_Interculturelle_2024.jpg 578w, https:\/\/akti.ch\/wp-content\/uploads\/2024\/01\/Menu_Interculturelle_2024-227x300.jpg 227w\" sizes=\"auto, (max-width: 578px) 100vw, 578px\" \/><\/p>\n","protected":false},"excerpt":{"rendered":"<p>Notre association participe \u00e0 la\u00a019\u00e8me F\u00eate de l\u2019Interculturelle\u00a0qui aura lieu\u00a0le dimanche 26 mai 2024\u00a0\u00e0 la Rive de Nyon ! A partir de 11h30, nous serons&hellip; <\/p>\n","protected":false},"author":6,"featured_media":2407,"comment_status":"open","ping_status":"open","sticky":false,"template":"","format":"standard","meta":{"_jetpack_memberships_contains_paid_content":false,"footnotes":""},"categories":[33],"tags":[],"class_list":["post-2467","post","type-post","status-publish","format-standard","has-post-thumbnail","hentry","category-evenements"],"jetpack_featured_media_url":"https:\/\/akti.ch\/wp-content\/uploads\/2024\/01\/Interculturelle_short_2024.jpg","jetpack_sharing_enabled":true,"_links":{"self":[{"href":"https:\/\/akti.ch\/fr\/wp-json\/wp\/v2\/posts\/2467","targetHints":{"allow":["GET"]}}],"collection":[{"href":"https:\/\/akti.ch\/fr\/wp-json\/wp\/v2\/posts"}],"about":[{"href":"https:\/\/akti.ch\/fr\/wp-json\/wp\/v2\/types\/post"}],"author":[{"embeddable":true,"href":"https:\/\/akti.ch\/fr\/wp-json\/wp\/v2\/users\/6"}],"replies":[{"embeddable":true,"href":"https:\/\/akti.ch\/fr\/wp-json\/wp\/v2\/comments?post=2467"}],"version-history":[{"count":3,"href":"https:\/\/akti.ch\/fr\/wp-json\/wp\/v2\/posts\/2467\/revisions"}],"predecessor-version":[{"id":2495,"href":"https:\/\/akti.ch\/fr\/wp-json\/wp\/v2\/posts\/2467\/revisions\/2495"}],"wp:featuredmedia":[{"embeddable":true,"href":"https:\/\/akti.ch\/fr\/wp-json\/wp\/v2\/media\/2407"}],"wp:attachment":[{"href":"https:\/\/akti.ch\/fr\/wp-json\/wp\/v2\/media?parent=2467"}],"wp:term":[{"taxonomy":"category","embeddable":true,"href":"https:\/\/akti.ch\/fr\/wp-json\/wp\/v2\/categories?post=2467"},{"taxonomy":"post_tag","embeddable":true,"href":"https:\/\/akti.ch\/fr\/wp-json\/wp\/v2\/tags?post=2467"}],"curies":[{"name":"wp","href":"https:\/\/api.w.org\/{rel}","templated":true}]}}