{"id":3501,"date":"2025-12-11T22:17:05","date_gmt":"2025-12-11T21:17:05","guid":{"rendered":"https:\/\/akti.ch\/?p=3501"},"modified":"2026-02-04T14:54:23","modified_gmt":"2026-02-04T13:54:23","slug":"dans-la-cour-de-mikis","status":"publish","type":"post","link":"https:\/\/akti.ch\/fr\/archives\/3501","title":{"rendered":"Dans la cour de Mikis"},"content":{"rendered":"<h4 data-start=\"0\" data-end=\"56\"><strong>Un spectacle musico-th\u00e9\u00e2tral d\u00e9di\u00e9 \u00e0 Mikis Theodorakis<\/strong><\/h4>\n<p data-start=\"58\" data-end=\"224\">\u00c0 l\u2019occasion du centenaire de la naissance du grand compositeur grec, nous pr\u00e9sentons un spectacle musico-th\u00e9\u00e2tral, un tableau vivant inspir\u00e9 par sa musique et ses chansons.<\/p>\n<p data-start=\"226\" data-end=\"558\">L\u2019histoire se d\u00e9roule sans dialogues parl\u00e9s, mais \u00e0 travers les paroles des chansons, dans une cour des ann\u00e9es 1960, \u00e0 une \u00e9poque o\u00f9 la Gr\u00e8ce souffre, se r\u00e9jouit et chante ! L\u00e0, au fil des petites histoires des habitants de la cour, se d\u00e9ploient des moments d\u2019amour, d\u2019esp\u00e9rance et de lutte, intimement li\u00e9s aux m\u00e9lodies de Mikis.<\/p>\n<p data-start=\"560\" data-end=\"753\">Mikis Theodorakis fut un compositeur universel, de rayonnement international (qui ne conna\u00eet pas Zorba ?), un symbole de libert\u00e9 et de culture. Il a uni l\u2019art et le combat, la vie et le r\u00eave.<\/p>\n<p data-start=\"755\" data-end=\"931\">La musique est interpr\u00e9t\u00e9e par les bien-aim\u00e9s \u00ab Triaktys \u00bb, sur une conception et une mise en sc\u00e8ne de Christina Papanikola. Le spectacle dure environ 1 h 30 (sans entracte).<\/p>\n<p data-start=\"755\" data-end=\"931\">Premi\u00e8re repr\u00e9sentation :<br \/>\n<strong>Samedi 17 janvier 2026 \u00e0 18:30<\/strong><br \/>\n<em>Th\u00e9\u00e2tre de Marens<\/em><br \/>\nRoute de Stand 5, 1260 Nyon<br \/>\n<a href=\"https:\/\/infomaniak.events\/fr-ch\/shop\/association-akti-la-cote-ZC9W12QLXT\" target=\"_blank\" rel=\"noopener\">Billetterie en ligne<\/a><\/p>\n<p data-start=\"755\" data-end=\"931\"><span style=\"text-decoration: underline;\">Deuxi\u00e8me r\u00e9pr\u00e9sentation :<\/span><br \/>\n<strong>Vendredi 6 f\u00e9vrier 2026 \u00e0 18:30<\/strong><br \/>\n<em>Salle Paderewski, Casino de Montbenon<\/em><br \/>\nAll\u00e9e Ernest-Ansermet 3, 1003 Lausanne<br \/>\n<strong><a href=\"https:\/\/infomaniak.events\/fr-ch\/concerts\/dans-la-cour-de-mikis-lausanne-stin-auli-toy-miki\/298d5c09-0df6-4202-918c-c664775bc2c0\/event\/1602827\" target=\"_blank\" rel=\"noopener\">Billetterie en ligne<\/a><\/strong><\/p>\n<p><span style=\"text-decoration: underline;\">Troisi\u00e8me r\u00e9pr\u00e9sentation &#8211; <strong>SOLD OUT<\/strong>:<\/span><br \/>\n<strong>Vendredi 6 f\u00e9vrier 2026 \u00e0 20:30<\/strong><br \/>\n<em>Salle Paderewski, Casino de Montbenon<\/em><br \/>\nAll\u00e9e Ernest-Ansermet 3, 1003 Lausanne<\/p>\n<p data-start=\"933\" data-end=\"959\"><strong data-start=\"933\" data-end=\"957\">Tarifs des billets :<br \/>\n<\/strong>Entr\u00e9e g\u00e9n\u00e9rale : 30 CHF<br \/>\nMembres d\u2019Akti, Estia et Melissa, \u00e9tudiants, retrait\u00e9s et ch\u00f4meurs : 20 CHF<br \/>\nEnfants de moins de 14 ans : 10 CHF<\/p>\n<p><strong>Organisation :<\/strong><span style=\"text-decoration: underline;\"><br \/>\n<\/span>Association Hell\u00e9nique de Lausanne \u00a0\u00bbEstia\u00a0\u00bb<br \/>\nAssociation d&rsquo;Hell\u00e8nes et de Philhell\u00e8nes de la C\u00f4te \u00a0\u00bbAkti\u00a0\u00bb<br \/>\nAssociation \u00a0\u00bbMelissa\u00a0\u00bb pour l&rsquo;Hell\u00e8nisme<\/p>\n","protected":false},"excerpt":{"rendered":"<p>Un spectacle musico-th\u00e9\u00e2tral d\u00e9di\u00e9 \u00e0 Mikis Theodorakis \u00c0 l\u2019occasion du centenaire de la naissance du grand compositeur grec, nous pr\u00e9sentons un spectacle musico-th\u00e9\u00e2tral, un tableau&hellip; <\/p>\n","protected":false},"author":6,"featured_media":3490,"comment_status":"open","ping_status":"open","sticky":false,"template":"","format":"standard","meta":{"_jetpack_memberships_contains_paid_content":false,"footnotes":""},"categories":[33],"tags":[],"class_list":["post-3501","post","type-post","status-publish","format-standard","has-post-thumbnail","hentry","category-evenements"],"jetpack_featured_media_url":"https:\/\/akti.ch\/wp-content\/uploads\/2025\/11\/Mikis.jpg","jetpack_sharing_enabled":true,"_links":{"self":[{"href":"https:\/\/akti.ch\/fr\/wp-json\/wp\/v2\/posts\/3501","targetHints":{"allow":["GET"]}}],"collection":[{"href":"https:\/\/akti.ch\/fr\/wp-json\/wp\/v2\/posts"}],"about":[{"href":"https:\/\/akti.ch\/fr\/wp-json\/wp\/v2\/types\/post"}],"author":[{"embeddable":true,"href":"https:\/\/akti.ch\/fr\/wp-json\/wp\/v2\/users\/6"}],"replies":[{"embeddable":true,"href":"https:\/\/akti.ch\/fr\/wp-json\/wp\/v2\/comments?post=3501"}],"version-history":[{"count":9,"href":"https:\/\/akti.ch\/fr\/wp-json\/wp\/v2\/posts\/3501\/revisions"}],"predecessor-version":[{"id":3599,"href":"https:\/\/akti.ch\/fr\/wp-json\/wp\/v2\/posts\/3501\/revisions\/3599"}],"wp:featuredmedia":[{"embeddable":true,"href":"https:\/\/akti.ch\/fr\/wp-json\/wp\/v2\/media\/3490"}],"wp:attachment":[{"href":"https:\/\/akti.ch\/fr\/wp-json\/wp\/v2\/media?parent=3501"}],"wp:term":[{"taxonomy":"category","embeddable":true,"href":"https:\/\/akti.ch\/fr\/wp-json\/wp\/v2\/categories?post=3501"},{"taxonomy":"post_tag","embeddable":true,"href":"https:\/\/akti.ch\/fr\/wp-json\/wp\/v2\/tags?post=3501"}],"curies":[{"name":"wp","href":"https:\/\/api.w.org\/{rel}","templated":true}]}}