{"id":851,"date":"2021-08-29T21:56:45","date_gmt":"2021-08-29T19:56:45","guid":{"rendered":"https:\/\/akti.ch\/archives\/851"},"modified":"2021-08-30T12:46:27","modified_gmt":"2021-08-30T10:46:27","slug":"i-akti-stin-fete-interculturelle-tis-nyon","status":"publish","type":"post","link":"https:\/\/akti.ch\/fr\/archives\/851","title":{"rendered":"Akti participe \u00e0 la F\u00eate de l&rsquo;Interculturelle de Nyon!"},"content":{"rendered":"<p>L&rsquo;Association d&rsquo;Hell\u00e8nes et de Philhell\u00e8nes de la C\u00f4te \u00ab\u00a0Akti\u00a0\u00bb participera \u00e0 la 16\u00e8me <a href=\"https:\/\/www.facebook.com\/events\/852737495362052\">F\u00eate de l&rsquo;Interculturelle<\/a> de Nyon qui aura lieu le <strong>Dimanche 5 Septembre 2021<\/strong> de 11h30 \u00e0 17h00 \u00e0 Rive (<a href=\"https:\/\/goo.gl\/maps\/DJwvjyAcX74hbPr1A\">place des F\u00eates de Rive<\/a>). Notre association tiendra un stand et proposera plusieurs mets grecs typiques.<a href=\"https:\/\/akti.ch\/wp-content\/uploads\/2021\/08\/Menu-Akti-v3.jpeg\"><img loading=\"lazy\" decoding=\"async\" class=\"aligncenter wp-image-843\" src=\"https:\/\/akti.ch\/wp-content\/uploads\/2021\/08\/Menu-Akti-v3.jpeg\" alt=\"\" width=\"420\" height=\"560\" srcset=\"https:\/\/akti.ch\/wp-content\/uploads\/2021\/08\/Menu-Akti-v3.jpeg 720w, https:\/\/akti.ch\/wp-content\/uploads\/2021\/08\/Menu-Akti-v3-225x300.jpeg 225w\" sizes=\"auto, (max-width: 420px) 100vw, 420px\" \/><\/a><\/p>\n<p>A cot\u00e9 des stands de nourriture, de groupes musicaux et de danses traditionnelles des tous les coins du monde animerons la f\u00eate.<\/p>\n<p>Venez nous rencontrer et faisons d\u00e9couvrir ensemble la tradition culinaire grecque \u00e0 la population locale et les autres associations culturelles de la r\u00e9gion!<\/p>\n","protected":false},"excerpt":{"rendered":"<p>L&rsquo;Association d&rsquo;Hell\u00e8nes et de Philhell\u00e8nes de la C\u00f4te \u00ab\u00a0Akti\u00a0\u00bb participera \u00e0 la 16\u00e8me F\u00eate de l&rsquo;Interculturelle de Nyon qui aura lieu le Dimanche 5 Septembre&hellip; <\/p>\n","protected":false},"author":6,"featured_media":845,"comment_status":"open","ping_status":"open","sticky":false,"template":"","format":"standard","meta":{"_jetpack_memberships_contains_paid_content":false,"footnotes":""},"categories":[1],"tags":[],"class_list":["post-851","post","type-post","status-publish","format-standard","has-post-thumbnail","hentry","category-1"],"jetpack_featured_media_url":"https:\/\/akti.ch\/wp-content\/uploads\/2021\/08\/Interculturelle_2021_Web.jpg","jetpack_sharing_enabled":true,"_links":{"self":[{"href":"https:\/\/akti.ch\/fr\/wp-json\/wp\/v2\/posts\/851","targetHints":{"allow":["GET"]}}],"collection":[{"href":"https:\/\/akti.ch\/fr\/wp-json\/wp\/v2\/posts"}],"about":[{"href":"https:\/\/akti.ch\/fr\/wp-json\/wp\/v2\/types\/post"}],"author":[{"embeddable":true,"href":"https:\/\/akti.ch\/fr\/wp-json\/wp\/v2\/users\/6"}],"replies":[{"embeddable":true,"href":"https:\/\/akti.ch\/fr\/wp-json\/wp\/v2\/comments?post=851"}],"version-history":[{"count":6,"href":"https:\/\/akti.ch\/fr\/wp-json\/wp\/v2\/posts\/851\/revisions"}],"predecessor-version":[{"id":859,"href":"https:\/\/akti.ch\/fr\/wp-json\/wp\/v2\/posts\/851\/revisions\/859"}],"wp:featuredmedia":[{"embeddable":true,"href":"https:\/\/akti.ch\/fr\/wp-json\/wp\/v2\/media\/845"}],"wp:attachment":[{"href":"https:\/\/akti.ch\/fr\/wp-json\/wp\/v2\/media?parent=851"}],"wp:term":[{"taxonomy":"category","embeddable":true,"href":"https:\/\/akti.ch\/fr\/wp-json\/wp\/v2\/categories?post=851"},{"taxonomy":"post_tag","embeddable":true,"href":"https:\/\/akti.ch\/fr\/wp-json\/wp\/v2\/tags?post=851"}],"curies":[{"name":"wp","href":"https:\/\/api.w.org\/{rel}","templated":true}]}}